{"id":53764,"date":"2018-07-01T11:24:26","date_gmt":"2018-07-01T11:24:26","guid":{"rendered":"http:\/\/cnc.gov.ro\/?p=53764"},"modified":"2018-07-01T11:27:06","modified_gmt":"2018-07-01T11:27:06","slug":"romanian-films-at-karlovy-vary-international","status":"publish","type":"post","link":"http:\/\/cnc.gov.ro\/?p=53764","title":{"rendered":"Romanian films at Karlovy Vary International"},"content":{"rendered":"<div class=\"wpb-content-wrapper\"><p>[vc_row gap=&#8221;35&#8243;][vc_column width=&#8221;1\/3&#8243;][vc_custom_heading source=&#8221;post_title&#8221; font_container=&#8221;tag:h5|font_size:26|text_align:left|color:%23ba4d9e|line_height:1.2&#8243; use_theme_fonts=&#8221;yes&#8221; css=&#8221;.vc_custom_1518040258879{margin-top: 35px !important;padding-bottom: 15px !important;}&#8221;][\/vc_column][vc_column width=&#8221;2\/4&#8243; css=&#8221;.vc_custom_1518040177794{border-radius: 1px !important;}&#8221;][vc_separator][vc_single_image source=&#8221;featured_image&#8221; img_size=&#8221;large&#8221; alignment=&#8221;center&#8221; image_hovers=&#8221;false&#8221;][vc_column_text]Two Romanian production will be presented at the 53<sup>rd<\/sup>\u00a0edition of the Karlovy Vary International Film Festival.<\/p>\n<p>Do not miss the the world premiere of Radu Jude&#8217;s <a class=\"profileLink\" href=\"https:\/\/www.facebook.com\/barbarifilmul\/?fref=mentions\" data-hovercard=\"\/ajax\/hovercard\/page.php?id=2011909275795182&amp;extragetparams=%7B%22fref%22%3A%22mentions%22%7D\" data-hovercard-prefer-more-content-show=\"1\">\u201e\u00cemi este indiferent dac\u0103 \u00een istorie vom intra ca barbari\u201d<\/a>\/I Do Not Care If We Go Down in History as Barbarians, and the Golden Bear winner \u00a0<a class=\"profileLink\" href=\"https:\/\/www.facebook.com\/touchmenotfilmpage\/?fref=mentions\" data-hovercard=\"\/ajax\/hovercard\/page.php?id=708466252613618&amp;extragetparams=%7B%22fref%22%3A%22mentions%22%7D\" data-hovercard-prefer-more-content-show=\"1\">Touch Me Not<\/a> by <a class=\"profileLink\" href=\"https:\/\/www.facebook.com\/adina.pintilie.9?fref=mentions\" data-hovercard=\"\/ajax\/hovercard\/user.php?id=702961243&amp;extragetparams=%7B%22fref%22%3A%22mentions%22%7D\" data-hovercard-prefer-more-content-show=\"1\">Adina Pintilie<\/a>.<\/p>\n<p>&nbsp;<\/p>\n<p><strong>\u201e\u00cemi este indiferent dac\u0103 \u00een istorie vom intra ca barbari\u201d\/\u00a0I Do Not Care If We Go Down in History as Barbarians<\/strong><\/p>\n<p><strong><em>by Radu Jude<\/em><\/strong><\/p>\n<p>2\/7 19:30 Grand Hall<br \/>\n3\/7 <span class=\"text_exposed_show\">13:00 Pupp Cinema<br \/>\n5\/7 11:30 Drahom\u00edra Cinema . <\/span><\/p>\n<div class=\"text_exposed_show\">\n<p><strong>Nu M\u0103 Antige-M\u0103\/ Touch Me Not\u00a0<em>by Adina Pintilie<\/em><\/strong><\/p>\n<p>30\/6 12:30 \u010cas Cinema<br \/>\n4\/7 13:00 Congress Hall<br \/>\n6\/7 15:30 Small Hall<\/p>\n<\/div>\n<p>[\/vc_column_text][vc_separator][\/vc_column][\/vc_row]<\/p>\n<\/div>","protected":false},"excerpt":{"rendered":"<p>[vc_row gap=&#8221;35&#8243;][vc_column width=&#8221;1\/3&#8243;][vc_custom_heading source=&#8221;post_title&#8221; font_container=&#8221;tag:h5|font_size:26|text_align:left|color:%23ba4d9e|line_height:1.2&#8243; use_theme_fonts=&#8221;yes&#8221; css=&#8221;.vc_custom_1518040258879{margin-top: 35px !important;padding-bottom: 15px !important;}&#8221;][\/vc_column][vc_column width=&#8221;2\/4&#8243; css=&#8221;.vc_custom_1518040177794{border-radius: 1px !important;}&#8221;][vc_separator][vc_single_image source=&#8221;featured_image&#8221; img_size=&#8221;large&#8221; alignment=&#8221;center&#8221; image_hovers=&#8221;false&#8221;][vc_column_text]Two Romanian production will be presented at the 53rd\u00a0edition of the Karlovy Vary International Film Festival. Do not miss the the world premiere of Radu Jude&#8217;s \u201e\u00cemi este indiferent dac\u0103 \u00een istorie vom intra ca barbari\u201d\/I Do&hellip;<\/p>\n","protected":false},"author":2,"featured_media":53765,"comment_status":"closed","ping_status":"closed","sticky":false,"template":"","format":"standard","meta":{"footnotes":""},"categories":[144,4],"tags":[23,152],"class_list":["post-53764","post","type-post","status-publish","format-standard","has-post-thumbnail","hentry","category-english_news","category-news","tag-festivaluri","tag-romanianfilms","category-144","category-4","description-off"],"_links":{"self":[{"href":"http:\/\/cnc.gov.ro\/index.php?rest_route=\/wp\/v2\/posts\/53764","targetHints":{"allow":["GET"]}}],"collection":[{"href":"http:\/\/cnc.gov.ro\/index.php?rest_route=\/wp\/v2\/posts"}],"about":[{"href":"http:\/\/cnc.gov.ro\/index.php?rest_route=\/wp\/v2\/types\/post"}],"author":[{"embeddable":true,"href":"http:\/\/cnc.gov.ro\/index.php?rest_route=\/wp\/v2\/users\/2"}],"replies":[{"embeddable":true,"href":"http:\/\/cnc.gov.ro\/index.php?rest_route=%2Fwp%2Fv2%2Fcomments&post=53764"}],"version-history":[{"count":2,"href":"http:\/\/cnc.gov.ro\/index.php?rest_route=\/wp\/v2\/posts\/53764\/revisions"}],"predecessor-version":[{"id":53768,"href":"http:\/\/cnc.gov.ro\/index.php?rest_route=\/wp\/v2\/posts\/53764\/revisions\/53768"}],"wp:featuredmedia":[{"embeddable":true,"href":"http:\/\/cnc.gov.ro\/index.php?rest_route=\/wp\/v2\/media\/53765"}],"wp:attachment":[{"href":"http:\/\/cnc.gov.ro\/index.php?rest_route=%2Fwp%2Fv2%2Fmedia&parent=53764"}],"wp:term":[{"taxonomy":"category","embeddable":true,"href":"http:\/\/cnc.gov.ro\/index.php?rest_route=%2Fwp%2Fv2%2Fcategories&post=53764"},{"taxonomy":"post_tag","embeddable":true,"href":"http:\/\/cnc.gov.ro\/index.php?rest_route=%2Fwp%2Fv2%2Ftags&post=53764"}],"curies":[{"name":"wp","href":"https:\/\/api.w.org\/{rel}","templated":true}]}}